{"id":6004,"date":"2025-10-13T08:33:52","date_gmt":"2025-10-13T05:33:52","guid":{"rendered":"https:\/\/lieke.com\/?p=6004"},"modified":"2025-10-13T08:33:52","modified_gmt":"2025-10-13T05:33:52","slug":"miranda-pyykko-appointed-as-executive-assistant","status":"publish","type":"post","link":"https:\/\/lieke.com\/en\/miranda-pyykko-appointed-as-executive-assistant\/","title":{"rendered":"Miranda Pyykk\u00f6 appointed as Executive Assistant"},"content":{"rendered":"<p><a href=\"https:\/\/lieke.com\/en\/team\/miranda-pyykko\/\">Miranda Pyykk\u00f6<\/a> has been appointed as Executive Assistant, effective as of 1 October 2025. Miranda joins our Business services team. Miranda will work as management support, assisting partners with administrative tasks.<\/p>\n<p>Miranda has previously worked as an executive assistant and in other assistant roles, as an office manager and as a key account manager. She has previous experience from law firms and an IT group, among others.<\/p>\n<p><em>&#8220;I am really excited to join Lieke as an executive assistant. In my role, I will be supporting Lieke\u2019s partners in their daily tasks and ensuring that everything runs smoothly. \u00a0The role is new at Lieke, so I get to build and further develop the processes that fall within my area of responsibility. I look forward to utilising my previous experience from both law firms and the corporate world.&#8221;<\/em><\/p>\n","protected":false},"excerpt":{"rendered":"<p>Miranda Pyykk\u00f6 has been appointed as Executive Assistant, effective as of 1 October 2025. Miranda joins our Business services team. Miranda will work as management support, assisting partners with administrative tasks. Miranda has previously worked as an executive assistant and in other assistant roles, as an office manager and as a key account manager. She [&hellip;]<\/p>\n","protected":false},"author":11,"featured_media":6027,"comment_status":"closed","ping_status":"open","sticky":false,"template":"","format":"standard","meta":{"_acf_changed":false,"footnotes":""},"categories":[44],"tags":[434,436,432,435,433],"class_list":["post-6004","post","type-post","status-publish","format-standard","has-post-thumbnail","hentry","category-news","tag-lieke-executive-assistant-en","tag-lieke-miranda-en","tag-lieke-miranda-pyykko","tag-lieke-pyykko-en","tag-miranda-pyykko-en"],"acf":[],"yoast_head":"<!-- This site is optimized with the Yoast SEO plugin v27.3 - https:\/\/yoast.com\/product\/yoast-seo-wordpress\/ -->\n<title>Miranda Pyykk\u00f6 appointed as Executive Assistant - Lieke<\/title>\n<meta name=\"description\" content=\"Miranda Pyykk\u00f6 has been appointed as Executive Assistant, effective as of 1 October 2025.\" \/>\n<meta name=\"robots\" content=\"index, follow, max-snippet:-1, max-image-preview:large, max-video-preview:-1\" \/>\n<link rel=\"canonical\" href=\"https:\/\/lieke.com\/en\/miranda-pyykko-appointed-as-executive-assistant\/\" \/>\n<meta property=\"og:locale\" content=\"en_US\" \/>\n<meta property=\"og:type\" content=\"article\" \/>\n<meta property=\"og:title\" content=\"Miranda Pyykk\u00f6 appointed as Executive Assistant - Lieke\" \/>\n<meta property=\"og:description\" content=\"Miranda Pyykk\u00f6 has been appointed as Executive Assistant, effective as of 1 October 2025.\" \/>\n<meta property=\"og:url\" content=\"https:\/\/lieke.com\/en\/miranda-pyykko-appointed-as-executive-assistant\/\" \/>\n<meta property=\"og:site_name\" content=\"Lieke\" \/>\n<meta property=\"article:published_time\" content=\"2025-10-13T05:33:52+00:00\" \/>\n<meta property=\"og:image\" content=\"https:\/\/lieke.com\/wp-content\/uploads\/2025\/10\/Miranda-Pyykko.jpg\" \/>\n\t<meta property=\"og:image:width\" content=\"1395\" \/>\n\t<meta property=\"og:image:height\" content=\"818\" \/>\n\t<meta property=\"og:image:type\" content=\"image\/jpeg\" \/>\n<meta name=\"author\" content=\"Maiju Sokka\" \/>\n<meta name=\"twitter:card\" content=\"summary_large_image\" \/>\n<meta name=\"twitter:label1\" content=\"Written by\" \/>\n\t<meta name=\"twitter:data1\" content=\"Maiju Sokka\" \/>\n\t<meta name=\"twitter:label2\" content=\"Est. reading time\" \/>\n\t<meta name=\"twitter:data2\" content=\"1 minute\" \/>\n<script type=\"application\/ld+json\" class=\"yoast-schema-graph\">{\"@context\":\"https:\\\/\\\/schema.org\",\"@graph\":[{\"@type\":\"Article\",\"@id\":\"https:\\\/\\\/lieke.com\\\/en\\\/miranda-pyykko-appointed-as-executive-assistant\\\/#article\",\"isPartOf\":{\"@id\":\"https:\\\/\\\/lieke.com\\\/en\\\/miranda-pyykko-appointed-as-executive-assistant\\\/\"},\"author\":{\"name\":\"Maiju Sokka\",\"@id\":\"https:\\\/\\\/lieke.com\\\/#\\\/schema\\\/person\\\/4164ead79c3ee667823790ff262055d0\"},\"headline\":\"Miranda Pyykk\u00f6 appointed as Executive Assistant\",\"datePublished\":\"2025-10-13T05:33:52+00:00\",\"mainEntityOfPage\":{\"@id\":\"https:\\\/\\\/lieke.com\\\/en\\\/miranda-pyykko-appointed-as-executive-assistant\\\/\"},\"wordCount\":141,\"publisher\":{\"@id\":\"https:\\\/\\\/lieke.com\\\/#organization\"},\"image\":{\"@id\":\"https:\\\/\\\/lieke.com\\\/en\\\/miranda-pyykko-appointed-as-executive-assistant\\\/#primaryimage\"},\"thumbnailUrl\":\"https:\\\/\\\/lieke.com\\\/wp-content\\\/uploads\\\/2025\\\/10\\\/Miranda-Pyykko.jpg\",\"keywords\":[\"Lieke executive assistant\",\"Lieke Miranda\",\"Lieke Miranda Pyykk\u00f6\",\"Lieke Pyykk\u00f6\",\"Miranda Pyykk\u00f6\"],\"articleSection\":[\"News\"],\"inLanguage\":\"en-US\"},{\"@type\":\"WebPage\",\"@id\":\"https:\\\/\\\/lieke.com\\\/en\\\/miranda-pyykko-appointed-as-executive-assistant\\\/\",\"url\":\"https:\\\/\\\/lieke.com\\\/en\\\/miranda-pyykko-appointed-as-executive-assistant\\\/\",\"name\":\"Miranda Pyykk\u00f6 appointed as Executive Assistant - Lieke\",\"isPartOf\":{\"@id\":\"https:\\\/\\\/lieke.com\\\/#website\"},\"primaryImageOfPage\":{\"@id\":\"https:\\\/\\\/lieke.com\\\/en\\\/miranda-pyykko-appointed-as-executive-assistant\\\/#primaryimage\"},\"image\":{\"@id\":\"https:\\\/\\\/lieke.com\\\/en\\\/miranda-pyykko-appointed-as-executive-assistant\\\/#primaryimage\"},\"thumbnailUrl\":\"https:\\\/\\\/lieke.com\\\/wp-content\\\/uploads\\\/2025\\\/10\\\/Miranda-Pyykko.jpg\",\"datePublished\":\"2025-10-13T05:33:52+00:00\",\"description\":\"Miranda Pyykk\u00f6 has been appointed as Executive Assistant, effective as of 1 October 2025.\",\"breadcrumb\":{\"@id\":\"https:\\\/\\\/lieke.com\\\/en\\\/miranda-pyykko-appointed-as-executive-assistant\\\/#breadcrumb\"},\"inLanguage\":\"en-US\",\"potentialAction\":[{\"@type\":\"ReadAction\",\"target\":[\"https:\\\/\\\/lieke.com\\\/en\\\/miranda-pyykko-appointed-as-executive-assistant\\\/\"]}]},{\"@type\":\"ImageObject\",\"inLanguage\":\"en-US\",\"@id\":\"https:\\\/\\\/lieke.com\\\/en\\\/miranda-pyykko-appointed-as-executive-assistant\\\/#primaryimage\",\"url\":\"https:\\\/\\\/lieke.com\\\/wp-content\\\/uploads\\\/2025\\\/10\\\/Miranda-Pyykko.jpg\",\"contentUrl\":\"https:\\\/\\\/lieke.com\\\/wp-content\\\/uploads\\\/2025\\\/10\\\/Miranda-Pyykko.jpg\",\"width\":1395,\"height\":818,\"caption\":\"Miranda Pyykk\u00f6\"},{\"@type\":\"BreadcrumbList\",\"@id\":\"https:\\\/\\\/lieke.com\\\/en\\\/miranda-pyykko-appointed-as-executive-assistant\\\/#breadcrumb\",\"itemListElement\":[{\"@type\":\"ListItem\",\"position\":1,\"name\":\"Home\",\"item\":\"https:\\\/\\\/lieke.com\\\/en\\\/\"},{\"@type\":\"ListItem\",\"position\":2,\"name\":\"Miranda Pyykk\u00f6 appointed as Executive Assistant\"}]},{\"@type\":\"WebSite\",\"@id\":\"https:\\\/\\\/lieke.com\\\/#website\",\"url\":\"https:\\\/\\\/lieke.com\\\/\",\"name\":\"Lieke\",\"description\":\"LIEKE focuses on energy and construction, dispute resolution, data and technology, and transactions.\",\"publisher\":{\"@id\":\"https:\\\/\\\/lieke.com\\\/#organization\"},\"potentialAction\":[{\"@type\":\"SearchAction\",\"target\":{\"@type\":\"EntryPoint\",\"urlTemplate\":\"https:\\\/\\\/lieke.com\\\/?s={search_term_string}\"},\"query-input\":{\"@type\":\"PropertyValueSpecification\",\"valueRequired\":true,\"valueName\":\"search_term_string\"}}],\"inLanguage\":\"en-US\"},{\"@type\":\"Organization\",\"@id\":\"https:\\\/\\\/lieke.com\\\/#organization\",\"name\":\"M\u00e4kitalo Attorneys Ltd\",\"url\":\"https:\\\/\\\/lieke.com\\\/\",\"logo\":{\"@type\":\"ImageObject\",\"inLanguage\":\"en-US\",\"@id\":\"https:\\\/\\\/lieke.com\\\/#\\\/schema\\\/logo\\\/image\\\/\",\"url\":\"https:\\\/\\\/lieke.com\\\/wp-content\\\/uploads\\\/2022\\\/12\\\/Lieke.jpg\",\"contentUrl\":\"https:\\\/\\\/lieke.com\\\/wp-content\\\/uploads\\\/2022\\\/12\\\/Lieke.jpg\",\"width\":1395,\"height\":818,\"caption\":\"M\u00e4kitalo Attorneys Ltd\"},\"image\":{\"@id\":\"https:\\\/\\\/lieke.com\\\/#\\\/schema\\\/logo\\\/image\\\/\"},\"sameAs\":[\"https:\\\/\\\/www.instagram.com\\\/liekeattorneys\\\/\",\"https:\\\/\\\/www.linkedin.com\\\/company\\\/lieke-attorneys\"]},{\"@type\":\"Person\",\"@id\":\"https:\\\/\\\/lieke.com\\\/#\\\/schema\\\/person\\\/4164ead79c3ee667823790ff262055d0\",\"name\":\"Maiju Sokka\"}]}<\/script>\n<!-- \/ Yoast SEO plugin. -->","yoast_head_json":{"title":"Miranda Pyykk\u00f6 appointed as Executive Assistant - Lieke","description":"Miranda Pyykk\u00f6 has been appointed as Executive Assistant, effective as of 1 October 2025.","robots":{"index":"index","follow":"follow","max-snippet":"max-snippet:-1","max-image-preview":"max-image-preview:large","max-video-preview":"max-video-preview:-1"},"canonical":"https:\/\/lieke.com\/en\/miranda-pyykko-appointed-as-executive-assistant\/","og_locale":"en_US","og_type":"article","og_title":"Miranda Pyykk\u00f6 appointed as Executive Assistant - Lieke","og_description":"Miranda Pyykk\u00f6 has been appointed as Executive Assistant, effective as of 1 October 2025.","og_url":"https:\/\/lieke.com\/en\/miranda-pyykko-appointed-as-executive-assistant\/","og_site_name":"Lieke","article_published_time":"2025-10-13T05:33:52+00:00","og_image":[{"width":1395,"height":818,"url":"https:\/\/lieke.com\/wp-content\/uploads\/2025\/10\/Miranda-Pyykko.jpg","type":"image\/jpeg"}],"author":"Maiju Sokka","twitter_card":"summary_large_image","twitter_misc":{"Written by":"Maiju Sokka","Est. reading time":"1 minute"},"schema":{"@context":"https:\/\/schema.org","@graph":[{"@type":"Article","@id":"https:\/\/lieke.com\/en\/miranda-pyykko-appointed-as-executive-assistant\/#article","isPartOf":{"@id":"https:\/\/lieke.com\/en\/miranda-pyykko-appointed-as-executive-assistant\/"},"author":{"name":"Maiju Sokka","@id":"https:\/\/lieke.com\/#\/schema\/person\/4164ead79c3ee667823790ff262055d0"},"headline":"Miranda Pyykk\u00f6 appointed as Executive Assistant","datePublished":"2025-10-13T05:33:52+00:00","mainEntityOfPage":{"@id":"https:\/\/lieke.com\/en\/miranda-pyykko-appointed-as-executive-assistant\/"},"wordCount":141,"publisher":{"@id":"https:\/\/lieke.com\/#organization"},"image":{"@id":"https:\/\/lieke.com\/en\/miranda-pyykko-appointed-as-executive-assistant\/#primaryimage"},"thumbnailUrl":"https:\/\/lieke.com\/wp-content\/uploads\/2025\/10\/Miranda-Pyykko.jpg","keywords":["Lieke executive assistant","Lieke Miranda","Lieke Miranda Pyykk\u00f6","Lieke Pyykk\u00f6","Miranda Pyykk\u00f6"],"articleSection":["News"],"inLanguage":"en-US"},{"@type":"WebPage","@id":"https:\/\/lieke.com\/en\/miranda-pyykko-appointed-as-executive-assistant\/","url":"https:\/\/lieke.com\/en\/miranda-pyykko-appointed-as-executive-assistant\/","name":"Miranda Pyykk\u00f6 appointed as Executive Assistant - Lieke","isPartOf":{"@id":"https:\/\/lieke.com\/#website"},"primaryImageOfPage":{"@id":"https:\/\/lieke.com\/en\/miranda-pyykko-appointed-as-executive-assistant\/#primaryimage"},"image":{"@id":"https:\/\/lieke.com\/en\/miranda-pyykko-appointed-as-executive-assistant\/#primaryimage"},"thumbnailUrl":"https:\/\/lieke.com\/wp-content\/uploads\/2025\/10\/Miranda-Pyykko.jpg","datePublished":"2025-10-13T05:33:52+00:00","description":"Miranda Pyykk\u00f6 has been appointed as Executive Assistant, effective as of 1 October 2025.","breadcrumb":{"@id":"https:\/\/lieke.com\/en\/miranda-pyykko-appointed-as-executive-assistant\/#breadcrumb"},"inLanguage":"en-US","potentialAction":[{"@type":"ReadAction","target":["https:\/\/lieke.com\/en\/miranda-pyykko-appointed-as-executive-assistant\/"]}]},{"@type":"ImageObject","inLanguage":"en-US","@id":"https:\/\/lieke.com\/en\/miranda-pyykko-appointed-as-executive-assistant\/#primaryimage","url":"https:\/\/lieke.com\/wp-content\/uploads\/2025\/10\/Miranda-Pyykko.jpg","contentUrl":"https:\/\/lieke.com\/wp-content\/uploads\/2025\/10\/Miranda-Pyykko.jpg","width":1395,"height":818,"caption":"Miranda Pyykk\u00f6"},{"@type":"BreadcrumbList","@id":"https:\/\/lieke.com\/en\/miranda-pyykko-appointed-as-executive-assistant\/#breadcrumb","itemListElement":[{"@type":"ListItem","position":1,"name":"Home","item":"https:\/\/lieke.com\/en\/"},{"@type":"ListItem","position":2,"name":"Miranda Pyykk\u00f6 appointed as Executive Assistant"}]},{"@type":"WebSite","@id":"https:\/\/lieke.com\/#website","url":"https:\/\/lieke.com\/","name":"Lieke","description":"LIEKE focuses on energy and construction, dispute resolution, data and technology, and transactions.","publisher":{"@id":"https:\/\/lieke.com\/#organization"},"potentialAction":[{"@type":"SearchAction","target":{"@type":"EntryPoint","urlTemplate":"https:\/\/lieke.com\/?s={search_term_string}"},"query-input":{"@type":"PropertyValueSpecification","valueRequired":true,"valueName":"search_term_string"}}],"inLanguage":"en-US"},{"@type":"Organization","@id":"https:\/\/lieke.com\/#organization","name":"M\u00e4kitalo Attorneys Ltd","url":"https:\/\/lieke.com\/","logo":{"@type":"ImageObject","inLanguage":"en-US","@id":"https:\/\/lieke.com\/#\/schema\/logo\/image\/","url":"https:\/\/lieke.com\/wp-content\/uploads\/2022\/12\/Lieke.jpg","contentUrl":"https:\/\/lieke.com\/wp-content\/uploads\/2022\/12\/Lieke.jpg","width":1395,"height":818,"caption":"M\u00e4kitalo Attorneys Ltd"},"image":{"@id":"https:\/\/lieke.com\/#\/schema\/logo\/image\/"},"sameAs":["https:\/\/www.instagram.com\/liekeattorneys\/","https:\/\/www.linkedin.com\/company\/lieke-attorneys"]},{"@type":"Person","@id":"https:\/\/lieke.com\/#\/schema\/person\/4164ead79c3ee667823790ff262055d0","name":"Maiju Sokka"}]}},"_links":{"self":[{"href":"https:\/\/lieke.com\/en\/wp-json\/wp\/v2\/posts\/6004","targetHints":{"allow":["GET"]}}],"collection":[{"href":"https:\/\/lieke.com\/en\/wp-json\/wp\/v2\/posts"}],"about":[{"href":"https:\/\/lieke.com\/en\/wp-json\/wp\/v2\/types\/post"}],"author":[{"embeddable":true,"href":"https:\/\/lieke.com\/en\/wp-json\/wp\/v2\/users\/11"}],"replies":[{"embeddable":true,"href":"https:\/\/lieke.com\/en\/wp-json\/wp\/v2\/comments?post=6004"}],"version-history":[{"count":0,"href":"https:\/\/lieke.com\/en\/wp-json\/wp\/v2\/posts\/6004\/revisions"}],"wp:featuredmedia":[{"embeddable":true,"href":"https:\/\/lieke.com\/en\/wp-json\/wp\/v2\/media\/6027"}],"wp:attachment":[{"href":"https:\/\/lieke.com\/en\/wp-json\/wp\/v2\/media?parent=6004"}],"wp:term":[{"taxonomy":"category","embeddable":true,"href":"https:\/\/lieke.com\/en\/wp-json\/wp\/v2\/categories?post=6004"},{"taxonomy":"post_tag","embeddable":true,"href":"https:\/\/lieke.com\/en\/wp-json\/wp\/v2\/tags?post=6004"}],"curies":[{"name":"wp","href":"https:\/\/api.w.org\/{rel}","templated":true}]}}