{"id":5420,"date":"2025-04-01T08:57:08","date_gmt":"2025-04-01T05:57:08","guid":{"rendered":"https:\/\/lieke.com\/?p=5420"},"modified":"2026-03-18T18:09:28","modified_gmt":"2026-03-18T15:09:28","slug":"ub-renewable-energy-fund-acquisition-of-wind-farm-from-ilmatar-energy-oy","status":"publish","type":"post","link":"https:\/\/lieke.com\/en\/ub-renewable-energy-fund-acquisition-of-wind-farm-from-ilmatar-energy-oy\/","title":{"rendered":"UB Renewable Energy Fund \u2013 Acquisition of a wind farm from Ilmatar Energy Oy"},"content":{"rendered":"<h3>We acted as legal advisor to United Bankers&#8217; UB Renewable Energy Fund on its acquisition of a wind farm from Ilmatar.<\/h3>\n<p>We acted as legal advisor to United Bankers&#8217; UB Renewable Energy Fund on its transaction with Ilmatar for the Korpilevonm\u00e4ki wind farm in S\u00e4kyl\u00e4, Southwest Finland. UB Renewable Energy Fund will initially acquire a 40% stake in the wind farm, followed by the acquisition of the remaining 60% stake subject to the fulfilment of certain conditions.<\/p>\n<p>The total capacity of the Korpilevonm\u00e4ki wind farm is 38.4 MW consisting of six turbines. The commercial operations of the Korpilevonm\u00e4ki wind farm started at the beginning of March 2025. The wind farm is expected to produce a total of 125 gigawatt hours (GWh) of renewable energy per year. The energy produced by the Korpilevonm\u00e4ki wind farm will be sold to Mondel\u0113z International under a ten-year power purchase agreement (PPA).<\/p>\n<p>The United Bankers&#8217; UB Renewable Energy Fund offers the opportunity to invest in the growing market created by the energy revolution and the green transition. The fund invests mainly in renewable energy development projects and renewable energy power plants, such as wind farms and solar power plants, located in Finland and Europe. In addition, the fund may invest in infrastructure that supports the fund&#8217;s investments or energy production, transmission and storage in general, as well as in the hydrogen industry. The fund is managed by UB Rahastoyhti\u00f6 Oy.<\/p>\n<p>Lieke&#8217;s core team comprised Partner <a href=\"https:\/\/lieke.com\/en\/team\/jussi-ekonen\/\">Jussi Ekonen<\/a>, Senior Associate <a href=\"https:\/\/lieke.com\/en\/team\/hanna-tolonen\/\">Hanna Tolonen<\/a> (M&amp;A) and Associate <a href=\"https:\/\/lieke.com\/en\/team\/ilkka-toropainen\/\">Ilkka Toropainen<\/a> (M&amp;A), assisted by <a href=\"https:\/\/lieke.com\/en\/team\/janne-veneranta\/\">Janne Veneranta<\/a> (Finance), <a href=\"https:\/\/lieke.com\/en\/team\/aimo-halonen\/\">Aimo Halonen<\/a> (Energy and infrastructure, Construction), <a href=\"https:\/\/lieke.com\/en\/team\/alisa-montonen\/\">Alisa Montonen<\/a> (Energy and infrastructure), <a href=\"https:\/\/lieke.com\/en\/team\/michelle-merlich\/\">Michelle Merlich<\/a> (Energy and infrastructure, Construction), <a href=\"https:\/\/lieke.com\/en\/team\/hanna-tuominen\/\">Hanna Tuominen<\/a> (Environment and land use), <a href=\"https:\/\/lieke.com\/en\/team\/risto-mynttinen\/\">Risto Mynttinen<\/a> (Finance) and <a href=\"https:\/\/lieke.com\/en\/team\/otto-koskinen\/\">Otto Koskinen<\/a> (Energy and infrastructure).<\/p>\n","protected":false},"excerpt":{"rendered":"<p>We acted as legal advisor to United Bankers&#8217; UB Renewable Energy Fund on its acquisition of a wind farm from Ilmatar. We acted as legal advisor to United Bankers&#8217; UB Renewable Energy Fund on its transaction with Ilmatar for the Korpilevonm\u00e4ki wind farm in S\u00e4kyl\u00e4, Southwest Finland. UB Renewable Energy Fund will initially acquire a [&hellip;]<\/p>\n","protected":false},"author":11,"featured_media":5422,"comment_status":"closed","ping_status":"open","sticky":false,"template":"","format":"standard","meta":{"_acf_changed":false,"footnotes":""},"categories":[16],"tags":[111,109,110],"class_list":["post-5420","post","type-post","status-publish","format-standard","has-post-thumbnail","hentry","category-reference-en","tag-ub-renewable-energy-fund-wind-farm","tag-wind-farm","tag-wind-farm-acquisition"],"acf":[],"yoast_head":"<!-- This site is optimized with the Yoast SEO plugin v27.3 - https:\/\/yoast.com\/product\/yoast-seo-wordpress\/ -->\n<title>UB Renewable Energy Fund \u2013 Acquisition of a wind farm from Ilmatar Energy Oy - Lieke<\/title>\n<meta name=\"description\" content=\"We acted as legal advisor to United Bankers&#039; UB Renewable Energy Fund on its acquisition of a wind farm from Ilmatar.\" \/>\n<meta name=\"robots\" content=\"index, follow, max-snippet:-1, max-image-preview:large, max-video-preview:-1\" \/>\n<link rel=\"canonical\" href=\"https:\/\/lieke.com\/en\/ub-renewable-energy-fund-acquisition-of-wind-farm-from-ilmatar-energy-oy\/\" \/>\n<meta property=\"og:locale\" content=\"en_US\" \/>\n<meta property=\"og:type\" content=\"article\" \/>\n<meta property=\"og:title\" content=\"UB Renewable Energy Fund \u2013 Acquisition of a wind farm from Ilmatar Energy Oy - Lieke\" \/>\n<meta property=\"og:description\" content=\"We acted as legal advisor to United Bankers&#039; UB Renewable Energy Fund on its acquisition of a wind farm from Ilmatar.\" \/>\n<meta property=\"og:url\" content=\"https:\/\/lieke.com\/en\/ub-renewable-energy-fund-acquisition-of-wind-farm-from-ilmatar-energy-oy\/\" \/>\n<meta property=\"og:site_name\" content=\"Lieke\" \/>\n<meta property=\"article:published_time\" content=\"2025-04-01T05:57:08+00:00\" \/>\n<meta property=\"article:modified_time\" content=\"2026-03-18T15:09:28+00:00\" \/>\n<meta property=\"og:image\" content=\"https:\/\/lieke.com\/wp-content\/uploads\/2025\/03\/Wind-farm_tuulipuisto.jpg\" \/>\n\t<meta property=\"og:image:width\" content=\"1395\" \/>\n\t<meta property=\"og:image:height\" content=\"818\" \/>\n\t<meta property=\"og:image:type\" content=\"image\/jpeg\" \/>\n<meta name=\"author\" content=\"Maiju Sokka\" \/>\n<meta name=\"twitter:card\" content=\"summary_large_image\" \/>\n<meta name=\"twitter:label1\" content=\"Written by\" \/>\n\t<meta name=\"twitter:data1\" content=\"Maiju Sokka\" \/>\n\t<meta name=\"twitter:label2\" content=\"Est. reading time\" \/>\n\t<meta name=\"twitter:data2\" content=\"1 minute\" \/>\n<script type=\"application\/ld+json\" class=\"yoast-schema-graph\">{\"@context\":\"https:\\\/\\\/schema.org\",\"@graph\":[{\"@type\":\"Article\",\"@id\":\"https:\\\/\\\/lieke.com\\\/en\\\/ub-renewable-energy-fund-acquisition-of-wind-farm-from-ilmatar-energy-oy\\\/#article\",\"isPartOf\":{\"@id\":\"https:\\\/\\\/lieke.com\\\/en\\\/ub-renewable-energy-fund-acquisition-of-wind-farm-from-ilmatar-energy-oy\\\/\"},\"author\":{\"name\":\"Maiju Sokka\",\"@id\":\"https:\\\/\\\/lieke.com\\\/#\\\/schema\\\/person\\\/4164ead79c3ee667823790ff262055d0\"},\"headline\":\"UB Renewable Energy Fund \u2013 Acquisition of a wind farm from Ilmatar Energy Oy\",\"datePublished\":\"2025-04-01T05:57:08+00:00\",\"dateModified\":\"2026-03-18T15:09:28+00:00\",\"mainEntityOfPage\":{\"@id\":\"https:\\\/\\\/lieke.com\\\/en\\\/ub-renewable-energy-fund-acquisition-of-wind-farm-from-ilmatar-energy-oy\\\/\"},\"wordCount\":309,\"publisher\":{\"@id\":\"https:\\\/\\\/lieke.com\\\/#organization\"},\"image\":{\"@id\":\"https:\\\/\\\/lieke.com\\\/en\\\/ub-renewable-energy-fund-acquisition-of-wind-farm-from-ilmatar-energy-oy\\\/#primaryimage\"},\"thumbnailUrl\":\"https:\\\/\\\/lieke.com\\\/wp-content\\\/uploads\\\/2025\\\/03\\\/Wind-farm_tuulipuisto.jpg\",\"keywords\":[\"UB Renewable Energy Fund wind farm\",\"Wind farm\",\"Wind farm acquisition\"],\"articleSection\":[\"Reference\"],\"inLanguage\":\"en-US\"},{\"@type\":\"WebPage\",\"@id\":\"https:\\\/\\\/lieke.com\\\/en\\\/ub-renewable-energy-fund-acquisition-of-wind-farm-from-ilmatar-energy-oy\\\/\",\"url\":\"https:\\\/\\\/lieke.com\\\/en\\\/ub-renewable-energy-fund-acquisition-of-wind-farm-from-ilmatar-energy-oy\\\/\",\"name\":\"UB Renewable Energy Fund \u2013 Acquisition of a wind farm from Ilmatar Energy Oy - Lieke\",\"isPartOf\":{\"@id\":\"https:\\\/\\\/lieke.com\\\/#website\"},\"primaryImageOfPage\":{\"@id\":\"https:\\\/\\\/lieke.com\\\/en\\\/ub-renewable-energy-fund-acquisition-of-wind-farm-from-ilmatar-energy-oy\\\/#primaryimage\"},\"image\":{\"@id\":\"https:\\\/\\\/lieke.com\\\/en\\\/ub-renewable-energy-fund-acquisition-of-wind-farm-from-ilmatar-energy-oy\\\/#primaryimage\"},\"thumbnailUrl\":\"https:\\\/\\\/lieke.com\\\/wp-content\\\/uploads\\\/2025\\\/03\\\/Wind-farm_tuulipuisto.jpg\",\"datePublished\":\"2025-04-01T05:57:08+00:00\",\"dateModified\":\"2026-03-18T15:09:28+00:00\",\"description\":\"We acted as legal advisor to United Bankers' UB Renewable Energy Fund on its acquisition of a wind farm from Ilmatar.\",\"breadcrumb\":{\"@id\":\"https:\\\/\\\/lieke.com\\\/en\\\/ub-renewable-energy-fund-acquisition-of-wind-farm-from-ilmatar-energy-oy\\\/#breadcrumb\"},\"inLanguage\":\"en-US\",\"potentialAction\":[{\"@type\":\"ReadAction\",\"target\":[\"https:\\\/\\\/lieke.com\\\/en\\\/ub-renewable-energy-fund-acquisition-of-wind-farm-from-ilmatar-energy-oy\\\/\"]}]},{\"@type\":\"ImageObject\",\"inLanguage\":\"en-US\",\"@id\":\"https:\\\/\\\/lieke.com\\\/en\\\/ub-renewable-energy-fund-acquisition-of-wind-farm-from-ilmatar-energy-oy\\\/#primaryimage\",\"url\":\"https:\\\/\\\/lieke.com\\\/wp-content\\\/uploads\\\/2025\\\/03\\\/Wind-farm_tuulipuisto.jpg\",\"contentUrl\":\"https:\\\/\\\/lieke.com\\\/wp-content\\\/uploads\\\/2025\\\/03\\\/Wind-farm_tuulipuisto.jpg\",\"width\":1395,\"height\":818,\"caption\":\"Wind farm_tuulipuisto\"},{\"@type\":\"BreadcrumbList\",\"@id\":\"https:\\\/\\\/lieke.com\\\/en\\\/ub-renewable-energy-fund-acquisition-of-wind-farm-from-ilmatar-energy-oy\\\/#breadcrumb\",\"itemListElement\":[{\"@type\":\"ListItem\",\"position\":1,\"name\":\"Home\",\"item\":\"https:\\\/\\\/lieke.com\\\/en\\\/\"},{\"@type\":\"ListItem\",\"position\":2,\"name\":\"UB Renewable Energy Fund \u2013 Acquisition of a wind farm from Ilmatar Energy Oy\"}]},{\"@type\":\"WebSite\",\"@id\":\"https:\\\/\\\/lieke.com\\\/#website\",\"url\":\"https:\\\/\\\/lieke.com\\\/\",\"name\":\"Lieke\",\"description\":\"LIEKE focuses on energy and construction, dispute resolution, data and technology, and transactions.\",\"publisher\":{\"@id\":\"https:\\\/\\\/lieke.com\\\/#organization\"},\"potentialAction\":[{\"@type\":\"SearchAction\",\"target\":{\"@type\":\"EntryPoint\",\"urlTemplate\":\"https:\\\/\\\/lieke.com\\\/?s={search_term_string}\"},\"query-input\":{\"@type\":\"PropertyValueSpecification\",\"valueRequired\":true,\"valueName\":\"search_term_string\"}}],\"inLanguage\":\"en-US\"},{\"@type\":\"Organization\",\"@id\":\"https:\\\/\\\/lieke.com\\\/#organization\",\"name\":\"M\u00e4kitalo Attorneys Ltd\",\"url\":\"https:\\\/\\\/lieke.com\\\/\",\"logo\":{\"@type\":\"ImageObject\",\"inLanguage\":\"en-US\",\"@id\":\"https:\\\/\\\/lieke.com\\\/#\\\/schema\\\/logo\\\/image\\\/\",\"url\":\"https:\\\/\\\/lieke.com\\\/wp-content\\\/uploads\\\/2022\\\/12\\\/Lieke.jpg\",\"contentUrl\":\"https:\\\/\\\/lieke.com\\\/wp-content\\\/uploads\\\/2022\\\/12\\\/Lieke.jpg\",\"width\":1395,\"height\":818,\"caption\":\"M\u00e4kitalo Attorneys Ltd\"},\"image\":{\"@id\":\"https:\\\/\\\/lieke.com\\\/#\\\/schema\\\/logo\\\/image\\\/\"},\"sameAs\":[\"https:\\\/\\\/www.instagram.com\\\/liekeattorneys\\\/\",\"https:\\\/\\\/www.linkedin.com\\\/company\\\/lieke-attorneys\"]},{\"@type\":\"Person\",\"@id\":\"https:\\\/\\\/lieke.com\\\/#\\\/schema\\\/person\\\/4164ead79c3ee667823790ff262055d0\",\"name\":\"Maiju Sokka\"}]}<\/script>\n<!-- \/ Yoast SEO plugin. -->","yoast_head_json":{"title":"UB Renewable Energy Fund \u2013 Acquisition of a wind farm from Ilmatar Energy Oy - Lieke","description":"We acted as legal advisor to United Bankers' UB Renewable Energy Fund on its acquisition of a wind farm from Ilmatar.","robots":{"index":"index","follow":"follow","max-snippet":"max-snippet:-1","max-image-preview":"max-image-preview:large","max-video-preview":"max-video-preview:-1"},"canonical":"https:\/\/lieke.com\/en\/ub-renewable-energy-fund-acquisition-of-wind-farm-from-ilmatar-energy-oy\/","og_locale":"en_US","og_type":"article","og_title":"UB Renewable Energy Fund \u2013 Acquisition of a wind farm from Ilmatar Energy Oy - Lieke","og_description":"We acted as legal advisor to United Bankers' UB Renewable Energy Fund on its acquisition of a wind farm from Ilmatar.","og_url":"https:\/\/lieke.com\/en\/ub-renewable-energy-fund-acquisition-of-wind-farm-from-ilmatar-energy-oy\/","og_site_name":"Lieke","article_published_time":"2025-04-01T05:57:08+00:00","article_modified_time":"2026-03-18T15:09:28+00:00","og_image":[{"width":1395,"height":818,"url":"https:\/\/lieke.com\/wp-content\/uploads\/2025\/03\/Wind-farm_tuulipuisto.jpg","type":"image\/jpeg"}],"author":"Maiju Sokka","twitter_card":"summary_large_image","twitter_misc":{"Written by":"Maiju Sokka","Est. reading time":"1 minute"},"schema":{"@context":"https:\/\/schema.org","@graph":[{"@type":"Article","@id":"https:\/\/lieke.com\/en\/ub-renewable-energy-fund-acquisition-of-wind-farm-from-ilmatar-energy-oy\/#article","isPartOf":{"@id":"https:\/\/lieke.com\/en\/ub-renewable-energy-fund-acquisition-of-wind-farm-from-ilmatar-energy-oy\/"},"author":{"name":"Maiju Sokka","@id":"https:\/\/lieke.com\/#\/schema\/person\/4164ead79c3ee667823790ff262055d0"},"headline":"UB Renewable Energy Fund \u2013 Acquisition of a wind farm from Ilmatar Energy Oy","datePublished":"2025-04-01T05:57:08+00:00","dateModified":"2026-03-18T15:09:28+00:00","mainEntityOfPage":{"@id":"https:\/\/lieke.com\/en\/ub-renewable-energy-fund-acquisition-of-wind-farm-from-ilmatar-energy-oy\/"},"wordCount":309,"publisher":{"@id":"https:\/\/lieke.com\/#organization"},"image":{"@id":"https:\/\/lieke.com\/en\/ub-renewable-energy-fund-acquisition-of-wind-farm-from-ilmatar-energy-oy\/#primaryimage"},"thumbnailUrl":"https:\/\/lieke.com\/wp-content\/uploads\/2025\/03\/Wind-farm_tuulipuisto.jpg","keywords":["UB Renewable Energy Fund wind farm","Wind farm","Wind farm acquisition"],"articleSection":["Reference"],"inLanguage":"en-US"},{"@type":"WebPage","@id":"https:\/\/lieke.com\/en\/ub-renewable-energy-fund-acquisition-of-wind-farm-from-ilmatar-energy-oy\/","url":"https:\/\/lieke.com\/en\/ub-renewable-energy-fund-acquisition-of-wind-farm-from-ilmatar-energy-oy\/","name":"UB Renewable Energy Fund \u2013 Acquisition of a wind farm from Ilmatar Energy Oy - Lieke","isPartOf":{"@id":"https:\/\/lieke.com\/#website"},"primaryImageOfPage":{"@id":"https:\/\/lieke.com\/en\/ub-renewable-energy-fund-acquisition-of-wind-farm-from-ilmatar-energy-oy\/#primaryimage"},"image":{"@id":"https:\/\/lieke.com\/en\/ub-renewable-energy-fund-acquisition-of-wind-farm-from-ilmatar-energy-oy\/#primaryimage"},"thumbnailUrl":"https:\/\/lieke.com\/wp-content\/uploads\/2025\/03\/Wind-farm_tuulipuisto.jpg","datePublished":"2025-04-01T05:57:08+00:00","dateModified":"2026-03-18T15:09:28+00:00","description":"We acted as legal advisor to United Bankers' UB Renewable Energy Fund on its acquisition of a wind farm from Ilmatar.","breadcrumb":{"@id":"https:\/\/lieke.com\/en\/ub-renewable-energy-fund-acquisition-of-wind-farm-from-ilmatar-energy-oy\/#breadcrumb"},"inLanguage":"en-US","potentialAction":[{"@type":"ReadAction","target":["https:\/\/lieke.com\/en\/ub-renewable-energy-fund-acquisition-of-wind-farm-from-ilmatar-energy-oy\/"]}]},{"@type":"ImageObject","inLanguage":"en-US","@id":"https:\/\/lieke.com\/en\/ub-renewable-energy-fund-acquisition-of-wind-farm-from-ilmatar-energy-oy\/#primaryimage","url":"https:\/\/lieke.com\/wp-content\/uploads\/2025\/03\/Wind-farm_tuulipuisto.jpg","contentUrl":"https:\/\/lieke.com\/wp-content\/uploads\/2025\/03\/Wind-farm_tuulipuisto.jpg","width":1395,"height":818,"caption":"Wind farm_tuulipuisto"},{"@type":"BreadcrumbList","@id":"https:\/\/lieke.com\/en\/ub-renewable-energy-fund-acquisition-of-wind-farm-from-ilmatar-energy-oy\/#breadcrumb","itemListElement":[{"@type":"ListItem","position":1,"name":"Home","item":"https:\/\/lieke.com\/en\/"},{"@type":"ListItem","position":2,"name":"UB Renewable Energy Fund \u2013 Acquisition of a wind farm from Ilmatar Energy Oy"}]},{"@type":"WebSite","@id":"https:\/\/lieke.com\/#website","url":"https:\/\/lieke.com\/","name":"Lieke","description":"LIEKE focuses on energy and construction, dispute resolution, data and technology, and transactions.","publisher":{"@id":"https:\/\/lieke.com\/#organization"},"potentialAction":[{"@type":"SearchAction","target":{"@type":"EntryPoint","urlTemplate":"https:\/\/lieke.com\/?s={search_term_string}"},"query-input":{"@type":"PropertyValueSpecification","valueRequired":true,"valueName":"search_term_string"}}],"inLanguage":"en-US"},{"@type":"Organization","@id":"https:\/\/lieke.com\/#organization","name":"M\u00e4kitalo Attorneys Ltd","url":"https:\/\/lieke.com\/","logo":{"@type":"ImageObject","inLanguage":"en-US","@id":"https:\/\/lieke.com\/#\/schema\/logo\/image\/","url":"https:\/\/lieke.com\/wp-content\/uploads\/2022\/12\/Lieke.jpg","contentUrl":"https:\/\/lieke.com\/wp-content\/uploads\/2022\/12\/Lieke.jpg","width":1395,"height":818,"caption":"M\u00e4kitalo Attorneys Ltd"},"image":{"@id":"https:\/\/lieke.com\/#\/schema\/logo\/image\/"},"sameAs":["https:\/\/www.instagram.com\/liekeattorneys\/","https:\/\/www.linkedin.com\/company\/lieke-attorneys"]},{"@type":"Person","@id":"https:\/\/lieke.com\/#\/schema\/person\/4164ead79c3ee667823790ff262055d0","name":"Maiju Sokka"}]}},"_links":{"self":[{"href":"https:\/\/lieke.com\/en\/wp-json\/wp\/v2\/posts\/5420","targetHints":{"allow":["GET"]}}],"collection":[{"href":"https:\/\/lieke.com\/en\/wp-json\/wp\/v2\/posts"}],"about":[{"href":"https:\/\/lieke.com\/en\/wp-json\/wp\/v2\/types\/post"}],"author":[{"embeddable":true,"href":"https:\/\/lieke.com\/en\/wp-json\/wp\/v2\/users\/11"}],"replies":[{"embeddable":true,"href":"https:\/\/lieke.com\/en\/wp-json\/wp\/v2\/comments?post=5420"}],"version-history":[{"count":1,"href":"https:\/\/lieke.com\/en\/wp-json\/wp\/v2\/posts\/5420\/revisions"}],"predecessor-version":[{"id":6840,"href":"https:\/\/lieke.com\/en\/wp-json\/wp\/v2\/posts\/5420\/revisions\/6840"}],"wp:featuredmedia":[{"embeddable":true,"href":"https:\/\/lieke.com\/en\/wp-json\/wp\/v2\/media\/5422"}],"wp:attachment":[{"href":"https:\/\/lieke.com\/en\/wp-json\/wp\/v2\/media?parent=5420"}],"wp:term":[{"taxonomy":"category","embeddable":true,"href":"https:\/\/lieke.com\/en\/wp-json\/wp\/v2\/categories?post=5420"},{"taxonomy":"post_tag","embeddable":true,"href":"https:\/\/lieke.com\/en\/wp-json\/wp\/v2\/tags?post=5420"}],"curies":[{"name":"wp","href":"https:\/\/api.w.org\/{rel}","templated":true}]}}